{"id":15958,"date":"2024-10-10T16:34:06","date_gmt":"2024-10-10T23:34:06","guid":{"rendered":"https:\/\/ssg.coop\/ssg-se-dota-de-una-nueva-y-audaz-imagen-para-ajustarse-a-su-compromiso-con-una-accion-climatica-transformadora\/"},"modified":"2025-08-14T02:04:50","modified_gmt":"2025-08-14T09:04:50","slug":"bold-new-look-commitment-to-transformative-change","status":"publish","type":"post","link":"https:\/\/ssg.coop\/es\/bold-new-look-commitment-to-transformative-change\/","title":{"rendered":"SSG se dota de una nueva y audaz imagen para ajustarse a su compromiso con una acci\u00f3n clim\u00e1tica transformadora"},"content":{"rendered":"<!-- wp:group {\"tagName\":\"section\",\"className\":\"ssg-blog-hero\",\"layout\":{\"type\":\"constrained\"},\"metadata\":{\"name\":\"SSG Blog Hero\"}} -->\n<section  class=\"wp-block-group ssg-blog-hero is-layout-constrained \">\n\n\t\t\t\t\t\t<p class=\"text-4xl\">\n\t\t\t\t<a href=\"https:\/\/ssg.coop\/insights\/\">\n\t\t\t\t\tPerspectivas y Contenido Destacado\t\t\t\t<\/a>\n\t\t\t<\/p>\n\t\t\n\t\t<h1 class=\"mb-16 xl:mb-32\">\n\t\t\tSSG se dota de una nueva y audaz imagen para ajustarse a su compromiso con una acci\u00f3n clim\u00e1tica transformadora\t\t<\/h1>\n\t\n\t\t\n\t\t\t\t\t<figure class=\"w-full size-full mb-8 xl:mb-16 rounded-xl\">\n\t\t\t\t<img loading=\"lazy\" decoding=\"async\" width=\"1920\" height=\"1080\" src=\"https:\/\/ssg.coop\/wp-content\/uploads\/2024\/10\/SSG_Blog_Header.jpg\" class=\"attachment-full size-full wp-post-image\" alt=\"\" title=\"SSG_Blog_Header\" srcset=\"https:\/\/ssg.coop\/wp-content\/uploads\/2024\/10\/SSG_Blog_Header.jpg 1920w, https:\/\/ssg.coop\/wp-content\/uploads\/2024\/10\/SSG_Blog_Header-300x169.jpg 300w, https:\/\/ssg.coop\/wp-content\/uploads\/2024\/10\/SSG_Blog_Header-1024x576.jpg 1024w, https:\/\/ssg.coop\/wp-content\/uploads\/2024\/10\/SSG_Blog_Header-768x432.jpg 768w, https:\/\/ssg.coop\/wp-content\/uploads\/2024\/10\/SSG_Blog_Header-1536x864.jpg 1536w\" sizes=\"auto, (max-width: 1920px) 100vw, 1920px\" \/>\t\t\t<\/figure>\n\t\t\n\t\n\t<div class=\"grid grid-cols-1 xl:grid-cols-2\">\n\t\t\n\t\t<div class=\"ssg-l-border flex flex-col justify-between\">\n\n\t\t\t\t\t\t\t<h2 class=\"xl:w-3\/4 mb-12 xl:mb-24\">\n\t\t\t\t\tUne marque qui raconte notre histoire et refl\u00e8te nos valeurs\t\t\t\t<\/h2>\n\t\t\t\n\t\t\t\t\t\t\t<div class=\"flex gap-4\">\n\n\t\t\t\t\t\t\t\t\t\t\t<figure class=\"mb-8 xl:mb-0 rounded-full\">\n\t\t\t\t\t\t\t\t\t\t\t\t\t\t\t<img loading=\"lazy\" decoding=\"async\" width=\"56\" height=\"56\" src=\"https:\/\/ssg.coop\/wp-content\/uploads\/2024\/09\/Alia-01-300-x-300-56x56.jpeg\" class=\"attachment-ssg-author-circle size-ssg-author-circle wp-post-image\" alt=\"\" srcset=\"https:\/\/ssg.coop\/wp-content\/uploads\/2024\/09\/Alia-01-300-x-300-56x56.jpeg 56w, https:\/\/ssg.coop\/wp-content\/uploads\/2024\/09\/Alia-01-300-x-300-150x150.jpeg 150w, https:\/\/ssg.coop\/wp-content\/uploads\/2024\/09\/Alia-01-300-x-300.jpeg 300w\" sizes=\"auto, (max-width: 56px) 100vw, 56px\" \/>\t\t\t\t\t\t\t\n\t\t\t\t\t\t\t<figcaption class=\"mt-2 !text-base\">\n\t\t\t\t\t\t\t\tAlia Dharssi\t\t\t\t\t\t\t<\/figcaption>\n\t\t\t\t\t\t<\/figure>\n\t\t\t\t\t\t\t\t\t\t\t<figure class=\"mb-8 xl:mb-0 rounded-full\">\n\t\t\t\t\t\t\t\t\t\t\t\t\t\t\t<img loading=\"lazy\" decoding=\"async\" width=\"56\" height=\"56\" src=\"https:\/\/ssg.coop\/wp-content\/uploads\/2024\/10\/Naomi-01-300-x-300-56x56.png\" class=\"attachment-ssg-author-circle size-ssg-author-circle wp-post-image\" alt=\"\" srcset=\"https:\/\/ssg.coop\/wp-content\/uploads\/2024\/10\/Naomi-01-300-x-300-56x56.png 56w, https:\/\/ssg.coop\/wp-content\/uploads\/2024\/10\/Naomi-01-300-x-300-150x150.png 150w, https:\/\/ssg.coop\/wp-content\/uploads\/2024\/10\/Naomi-01-300-x-300.png 300w\" sizes=\"auto, (max-width: 56px) 100vw, 56px\" \/>\t\t\t\t\t\t\t\n\t\t\t\t\t\t\t<figcaption class=\"mt-2 !text-base\">\n\t\t\t\t\t\t\t\tNaomi Devine\t\t\t\t\t\t\t<\/figcaption>\n\t\t\t\t\t\t<\/figure>\n\t\t\t\t\t\t\t\t\t\t\t<figure class=\"mb-8 xl:mb-0 rounded-full\">\n\t\t\t\t\t\t\t\t\t\t\t\t\t\t\t<img loading=\"lazy\" decoding=\"async\" width=\"56\" height=\"56\" src=\"https:\/\/ssg.coop\/wp-content\/uploads\/2024\/09\/Emi-01-300-x-300-56x56.jpeg\" class=\"attachment-ssg-author-circle size-ssg-author-circle wp-post-image\" alt=\"\" srcset=\"https:\/\/ssg.coop\/wp-content\/uploads\/2024\/09\/Emi-01-300-x-300-56x56.jpeg 56w, https:\/\/ssg.coop\/wp-content\/uploads\/2024\/09\/Emi-01-300-x-300-150x150.jpeg 150w, https:\/\/ssg.coop\/wp-content\/uploads\/2024\/09\/Emi-01-300-x-300.jpeg 300w\" sizes=\"auto, (max-width: 56px) 100vw, 56px\" \/>\t\t\t\t\t\t\t\n\t\t\t\t\t\t\t<figcaption class=\"mt-2 !text-base\">\n\t\t\t\t\t\t\t\tEmi Do\t\t\t\t\t\t\t<\/figcaption>\n\t\t\t\t\t\t<\/figure>\n\t\t\t\t\t\n\t\t\t\t<\/div>\n\t\t\t\n\t\t\t<p class=\"!my-4\">\n\t\t\t\t10 octubre 2024\t\t\t<\/p>\n\t\t<\/div>\n\n\t\t<p class=\"text-2xl xl:text-4xl leading-2xl xl:!leading-4xl ssg-l-border\">\n\t\t\tSSG tiene la misi\u00f3n de rehacer el mundo para que sea respetuoso con las generaciones futuras. Nuestra historia se propone asumir la responsabilidad que nos incumbe en cuanto al futuro que todos compartimos.  \t\t<\/p>\n\n\t<\/div>\n\n<\/section>\n<!-- \/wp:group --><div  class=\"ssg-spacer h-16 xl:h-24 \"><\/div>\n\n<section class=\"wp-block-group ssg-blog-columns-callout is-layout-constrained wp-block-group-is-layout-constrained\">\n<div class=\"wp-block-columns gap-20 xl:gap-8 is-layout-flex wp-container-core-columns-is-layout-9d6595d7 wp-block-columns-is-layout-flex\">\n<div class=\"wp-block-column w-full xl:w-1\/2 p-0 is-layout-flow wp-block-column-is-layout-flow\">\n<div class=\"wp-block-columns is-layout-flex wp-container-core-columns-is-layout-9d6595d7 wp-block-columns-is-layout-flex\">\n<div class=\"wp-block-column is-layout-flow wp-block-column-is-layout-flow\" style=\"flex-basis:66.66%\">\n<p>Es una gran alegr\u00eda para nosotros develar hoy nuestra nueva identidad de marca, que revela nuestro <strong>profundo compromiso<\/strong> de construir un futuro descarbonizado y justo, a trav\u00e9s de la acci\u00f3n colectiva y transformadora. <\/p>\n\n\n\n<p>Con una paleta de vibrantes colores, y de una imaginer\u00eda inspirada de los sistemas vivos y con su logo recorrido por un camino, nuestra nueva imagen ilustra nuestra profundo deseo de concebir soluciones colaborativas hacia el cambio sist\u00e9mico requerido frente al cambio clim\u00e1tico. <\/p>\n<\/div>\n\n\n\n<div class=\"wp-block-column is-layout-flow wp-block-column-is-layout-flow\" style=\"flex-basis:33.33%\"><\/div>\n<\/div>\n<\/div>\n\n\n\n<div class=\"wp-block-column is-vertically-aligned-center w-full xl:w-1\/2 is-layout-flow wp-block-column-is-layout-flow\">\n<div class=\"wp-block-columns is-layout-flex wp-container-core-columns-is-layout-9d6595d7 wp-block-columns-is-layout-flex\">\n<div class=\"wp-block-column is-layout-flow wp-block-column-is-layout-flow\" style=\"flex-basis:80%\"><\/div>\n\n\n\n<div class=\"wp-block-column is-layout-flow wp-block-column-is-layout-flow\" style=\"flex-basis:20%\"><\/div>\n<\/div>\n<\/div>\n<\/div>\n<\/section>\n<div  class=\"ssg-spacer h-16 xl:h-24 \"><\/div>\n\n<figure class=\"wp-block-video\"><video height=\"1080\" style=\"aspect-ratio: 1920 \/ 1080;\" width=\"1920\" autoplay=\"\" controls=\"\" muted=\"\" src=\"https:\/\/ssg.coop\/wp-content\/uploads\/2024\/10\/8.3_SSG_Motion_3D_Animations_2K.mp4\"><\/video><\/figure>\n<div  class=\"ssg-spacer h-16 xl:h-24 \"><\/div>\n\n<section class=\"wp-block-group ssg-blog-columns-statistics is-layout-constrained wp-block-group-is-layout-constrained\">\n<div class=\"wp-block-columns gap-20 xl:gap-8 is-layout-flex wp-container-core-columns-is-layout-9d6595d7 wp-block-columns-is-layout-flex\">\n<div class=\"wp-block-column is-vertically-aligned-center w-full xl:w-1\/2 is-layout-flow wp-block-column-is-layout-flow\">\n<div class=\"wp-block-group ssg-statistic is-layout-constrained wp-block-group-is-layout-constrained\">\n<p class=\"font-classic-bold has-ssg-huge-font-size\"><mark style=\"background-color:rgba(0, 0, 0, 0)\" class=\"has-inline-color has-ssg-magenta-color\">Canada<\/mark><br\/><\/p>\n\n\n\n<p class=\"font-classic-bold has-ssg-huge-font-size\"><mark style=\"background-color:rgba(0, 0, 0, 0)\" class=\"has-inline-color has-ssg-navy-color\">Chile<\/mark><br\/><mark style=\"background-color:rgba(0, 0, 0, 0)\" class=\"has-inline-color has-ssg-orange-color\">USA<\/mark><\/p>\n<\/div>\n<\/div>\n\n\n\n<div class=\"wp-block-column w-full xl:w-1\/2 p-0 is-layout-flow wp-block-column-is-layout-flow\">\n<div class=\"wp-block-columns is-layout-flex wp-container-core-columns-is-layout-9d6595d7 wp-block-columns-is-layout-flex\">\n<div class=\"wp-block-column is-layout-flow wp-block-column-is-layout-flow\" style=\"flex-basis:66.66%\">\n<h3 class=\"wp-block-heading\">Nuestro recorrido de transformaci\u00f3n<\/h3>\n\n\n\n<p>El lanzamiento de nuestra nueva identidad constituye el \u00faltimo tramo de la fusi\u00f3n de SSG y Whatlf? Technologies, una revolucionaria empresa de modelaci\u00f3n de sistemas, bajo el nombre de SSG. Nuestro cambio de marca fue iniciado en 2022, en pleno proceso de fusi\u00f3n. Trabajando estrechamente con <strong>Pentagram<\/strong>, un estudio de dise\u00f1o de reputaci\u00f3n mundial, nos propusimos crear una nueva identidad visual que reflejara nuestra experiencia liderando cambios <strong>audaces, transformadores y sist\u00e9micos<\/strong>. Nos asociamos adem\u00e1s con <strong>Weaver<\/strong>, una cooperativa de dise\u00f1o digital establecida en Vancouver, para construir nuestro nuevo sitio web, asegur\u00e1ndonos de que estuviera en perfecta consonancia con nuestros valores y nuestra misi\u00f3n.     <\/p>\n\n\n\n<p>Nuestra transformaci\u00f3n va m\u00e1s all\u00e1 que la simple imagen: refleja la evoluci\u00f3n de nuestra empresa. En 2015, SSG se asoci\u00f3 con WhatIf? Technologies para lanzar en Par\u00eds, en la Conferencia de Naciones Unidas sobre el Cambio Clim\u00e1tico, <strong>una innovadora herramienta de modelaci\u00f3n de la energ\u00eda, de las emisiones y de las finanzas<\/strong> para la planificaci\u00f3n clim\u00e1tica. Este modelo fue determinante para la elaboraci\u00f3n del plan de acci\u00f3n clim\u00e1tica de Toronto y para consolidar nuestra reputaci\u00f3n como los <strong>principales expertos de la planificaci\u00f3n clim\u00e1tica de Canad\u00e1.<\/strong>    <\/p>\n\n\n\n<p>SSG and whatIf? Se fusionaron oficialmente en 2023, conservando el nombre SSG y la estructura de cooperativa de trabajo. Nuestro futuro nunca hab\u00eda sido tan reluciente, como desde entonces. Hoy en d\u00eda, estamos orgullosos de ser una <strong>empresa certificada como B corporation perteneciente mayoritariamente a mujeres<\/strong>, que cuenta con m\u00e1s de 40 personas empleadas en <strong>Canad\u00e1, Estados Unidos y Chile<\/strong>. Nuestro enfoque colaborativo para abordar la crisis clim\u00e1tica nos ha llevado a trabajar con comunidades tanto de peque\u00f1os pueblos como de grandes ciudades, as\u00ed como con grandes organizaciones como universidades y empresas de servicios p\u00fablicos.    <\/p>\n<\/div>\n\n\n\n<div class=\"wp-block-column is-layout-flow wp-block-column-is-layout-flow\" style=\"flex-basis:33.33%\"><\/div>\n<\/div>\n<\/div>\n<\/div>\n<\/section>\n<div  class=\"ssg-spacer h-16 xl:h-24 \"><\/div>\n\n<section class=\"wp-block-group ssg-blog-columns-callout is-layout-constrained wp-block-group-is-layout-constrained\">\n<div class=\"wp-block-columns gap-20 xl:gap-8 is-layout-flex wp-container-core-columns-is-layout-9d6595d7 wp-block-columns-is-layout-flex\">\n<div class=\"wp-block-column w-full xl:w-1\/2 p-0 is-layout-flow wp-block-column-is-layout-flow\">\n<div class=\"wp-block-columns is-layout-flex wp-container-core-columns-is-layout-9d6595d7 wp-block-columns-is-layout-flex\">\n<div class=\"wp-block-column is-layout-flow wp-block-column-is-layout-flow\" style=\"flex-basis:66.66%\">\n<h3 class=\"wp-block-heading\">La transformaci\u00f3n de nuestra imagen<\/h3>\n\n\n\n<p>Nuestra nueva identidad visual es la encarnaci\u00f3n de nuestros valores : <strong>autenticidad, transparencia, rigor intelectual, expresi\u00f3n art\u00edstica<\/strong> y dedicaci\u00f3n para construir comunidades descarbonizadas, equitativas y saludables. Los llamativos <strong>colores elegidos<\/strong> simbolizan la urgencia, el optimismo y la acci\u00f3n audaz que se requieren para hacer frente a la crisis clim\u00e1tica.  <\/p>\n\n\n\n<p>Creemos en el poder de las <strong>relaciones<\/strong>. Una acci\u00f3n clim\u00e1tica eficaz est\u00e1 arraigada en la colaboraci\u00f3n : es aunando a las personas en torno a la transformaci\u00f3n de nuestras infraestructuras, de nuestros comportamientos y de nuestro futuro que podremos reducir dr\u00e1sticamente las emisiones de gases de efecto invernadero, asegurando un futuro de salud y vitalidad para todos. Gracias a nuestras <strong>herramientas vanguardistas de modelaci\u00f3n<\/strong>, las comunidades pueden comprender mejor el poder de estas relaciones y pueden tomar decisiones informadas y duraderas que hagan una diferencia significativa.   <\/p>\n\n\n\n<p><br\/>Al mismo tiempo, nos inspiramos en el mundo natural, que nos comprometemos a proteger. Nuestra <strong>nueva imagen de marca<\/strong> capta la belleza y la complejidad de la naturaleza a trav\u00e9s de motivos que se asemejan a mapas y al crecimiento org\u00e1nico. Un <strong>sendero simb\u00f3lico<\/strong> fluye a trav\u00e9s de nuestro logotipo, evocando los v\u00ednculos que tejemos en nuestro trabajo y la v\u00eda hacia <strong>un mundo sin emisiones de carbono, justo y saludable<\/strong>.  <\/p>\n<\/div>\n\n\n\n<div class=\"wp-block-column is-layout-flow wp-block-column-is-layout-flow\" style=\"flex-basis:33.33%\"><\/div>\n<\/div>\n<\/div>\n\n\n\n<div class=\"wp-block-column is-vertically-aligned-center w-full xl:w-1\/2 is-layout-flow wp-block-column-is-layout-flow\">\n<div class=\"wp-block-columns is-layout-flex wp-container-core-columns-is-layout-9d6595d7 wp-block-columns-is-layout-flex\">\n<div class=\"wp-block-column is-layout-flow wp-block-column-is-layout-flow\" style=\"flex-basis:80%\">\n<figure class=\"wp-block-image size-full is-style-rounded\"><img loading=\"lazy\" decoding=\"async\" width=\"864\" height=\"864\" src=\"https:\/\/ssg.coop\/wp-content\/uploads\/2024\/10\/Logo-gif.gif\" alt=\"\" class=\"wp-image-14433\"\/><figcaption class=\"wp-element-caption\">Un camino simb\u00f3lico serpentea a trav\u00e9s de nuestro logotipo evocando los v\u00ednculos que tejemos en nuestro trabajo y la v\u00eda hacia un mundo descarbonizado, equitativo y saludable.<\/figcaption><\/figure>\n<\/div>\n\n\n\n<div class=\"wp-block-column is-layout-flow wp-block-column-is-layout-flow\" style=\"flex-basis:20%\"><\/div>\n<\/div>\n<\/div>\n<\/div>\n<\/section>\n<div  class=\"ssg-spacer h-16 xl:h-24 \"><\/div>\n\n<section class=\"wp-block-group ssg-statistics-callout has-background has-ssg-yellow-background-color is-layout-constrained wp-block-group-is-layout-constrained\"><div  class=\"ssg-spacer h-8 xl:h-16 \"><\/div>\n\n\n\n<div class=\"wp-block-columns is-layout-flex wp-container-core-columns-is-layout-9d6595d7 wp-block-columns-is-layout-flex\">\n<div class=\"wp-block-column xl:pr-100 is-layout-flow wp-block-column-is-layout-flow\">\n<p class=\"has-ssg-7-xl-font-size\">Hitos de nuestra trayectoria<\/p>\n<\/div>\n<\/div>\n\n\n<div  class=\"ssg-spacer h-16 xl:h-32 \"><\/div>\n\n\n\n<div class=\"wp-block-group ssg-statistics-columns is-layout-constrained wp-block-group-is-layout-constrained\">\n<div class=\"wp-block-columns are-vertically-aligned-top is-layout-flex wp-container-core-columns-is-layout-9d6595d7 wp-block-columns-is-layout-flex\">\n<div class=\"wp-block-column is-vertically-aligned-top is-layout-flow wp-block-column-is-layout-flow\">\n<div class=\"wp-block-group ssg-statistic is-content-justification-center is-layout-constrained wp-block-group-is-layout-constrained\">\n<p class=\"font-classic-bold has-ssg-7-xl-font-size\">Fusi\u00f3n<\/p>\n\n\n<div  class=\"ssg-spacer h-4 xl:h-8 \"><\/div>\n\n\n\n<p class=\"has-ssg-3-xl-font-size\">En 2023, la fusi\u00f3n de SSG con WhatIf? Technologies reuni\u00f3 a dos poderosas empresas bajo la pancarta de SSG. <\/p>\n<\/div>\n<\/div>\n\n\n\n<div class=\"wp-block-column is-vertically-aligned-top is-layout-flow wp-block-column-is-layout-flow\">\n<div class=\"wp-block-group ssg-statistic is-content-justification-center is-layout-constrained wp-block-group-is-layout-constrained\"><\/div>\n<\/div>\n<\/div>\n\n\n<div  class=\"ssg-spacer h-16 xl:h-24 \"><\/div>\n\n\n\n<div class=\"wp-block-columns are-vertically-aligned-top is-layout-flex wp-container-core-columns-is-layout-9d6595d7 wp-block-columns-is-layout-flex\">\n<div class=\"wp-block-column is-vertically-aligned-top is-layout-flow wp-block-column-is-layout-flow\">\n<div class=\"wp-block-group ssg-statistic is-content-justification-center is-layout-constrained wp-block-group-is-layout-constrained\">\n<h4 class=\"wp-block-heading\">Certificaci\u00f3n como<\/h4>\n\n\n\n<p class=\"font-classic-bold has-ssg-7-xl-font-size\">empresa BCorp<\/p>\n\n\n<div  class=\"ssg-spacer h-4 xl:h-8 \"><\/div>\n\n\n\n<p class=\"has-ssg-3-xl-font-size\">Nuestra certificaci\u00f3n como B Corp obtenida en agosto de 2024 refuerza nuestro compromiso de utilizar los negocios como una fuerza para el bien com\u00fan.<\/p>\n<\/div>\n<\/div>\n\n\n\n<div class=\"wp-block-column is-vertically-aligned-top is-layout-flow wp-block-column-is-layout-flow\">\n<div class=\"wp-block-group ssg-statistic is-content-justification-center is-layout-constrained wp-block-group-is-layout-constrained\">\n<h4 class=\"wp-block-heading\">Cooperativa <\/h4>\n\n\n\n<p class=\"font-classic-bold has-ssg-7-xl-font-size\">Demujeres<br\/>Propietarias<\/p>\n\n\n<div  class=\"ssg-spacer h-4 xl:h-8 \"><\/div>\n\n\n\n<p class=\"has-ssg-3-xl-font-size\">Estamos orgullosos de ser una cooperativa de trabajo cuyos propietarios son personas diversas y talentosas, mayoritariamente mujeres desde abril 2024. <\/p>\n<\/div>\n<\/div>\n<\/div>\n<\/div>\n\n\n<div  class=\"ssg-spacer h-8 xl:h-16 \"><\/div>\n<\/section>\n<div  class=\"ssg-spacer h-16 xl:h-24 \"><\/div>\n\n<section class=\"wp-block-group ssg-blog-columns-callout is-layout-constrained wp-block-group-is-layout-constrained\">\n<div class=\"wp-block-columns gap-20 xl:gap-8 is-layout-flex wp-container-core-columns-is-layout-9d6595d7 wp-block-columns-is-layout-flex\">\n<div class=\"wp-block-column is-vertically-aligned-center w-full xl:w-1\/2 is-layout-flow wp-block-column-is-layout-flow\">\n<div class=\"wp-block-columns is-layout-flex wp-container-core-columns-is-layout-9d6595d7 wp-block-columns-is-layout-flex\">\n<div class=\"wp-block-column is-layout-flow wp-block-column-is-layout-flow\" style=\"flex-basis:80%\">\n<figure class=\"wp-block-image size-large is-style-rounded\"><img loading=\"lazy\" decoding=\"async\" width=\"1024\" height=\"385\" src=\"https:\/\/ssg.coop\/wp-content\/uploads\/2024\/09\/pattern27-large-crop-67-1024x385.png\" alt=\"\" class=\"wp-image-13260\" style=\"aspect-ratio:1;object-fit:cover\" srcset=\"https:\/\/ssg.coop\/wp-content\/uploads\/2024\/09\/pattern27-large-crop-67-1024x385.png 1024w, https:\/\/ssg.coop\/wp-content\/uploads\/2024\/09\/pattern27-large-crop-67-300x113.png 300w, https:\/\/ssg.coop\/wp-content\/uploads\/2024\/09\/pattern27-large-crop-67-768x289.png 768w, https:\/\/ssg.coop\/wp-content\/uploads\/2024\/09\/pattern27-large-crop-67-1536x577.png 1536w, https:\/\/ssg.coop\/wp-content\/uploads\/2024\/09\/pattern27-large-crop-67-2048x770.png 2048w\" sizes=\"auto, (max-width: 1024px) 100vw, 1024px\" \/><figcaption class=\"wp-element-caption\">Nuestra <strong>nueva imagen de marca<\/strong> captura la belleza y la complejidad de la naturaleza a trav\u00e9s de motivos que asemejan mapas y crecimiento org\u00e1nico.<\/figcaption><\/figure>\n<\/div>\n\n\n\n<div class=\"wp-block-column is-layout-flow wp-block-column-is-layout-flow\" style=\"flex-basis:20%\"><\/div>\n<\/div>\n<\/div>\n\n\n\n<div class=\"wp-block-column w-full xl:w-1\/2 p-0 is-layout-flow wp-block-column-is-layout-flow\">\n<div class=\"wp-block-columns is-layout-flex wp-container-core-columns-is-layout-9d6595d7 wp-block-columns-is-layout-flex\">\n<div class=\"wp-block-column is-layout-flow wp-block-column-is-layout-flow\" style=\"flex-basis:66.66%\">\n<h3 class=\"wp-block-heading\">\u00bfQu\u00e9 nos depara el futuro?<\/h3>\n\n\n\n<p>Nuestra transformaci\u00f3n visual es una encarnaci\u00f3n de nuestros valores : autenticidad, transparencia, rigor intelectual, expresi\u00f3n art\u00edstica y dedicaci\u00f3n a la construcci\u00f3n de comunidades saludables y equitativas. En el contexto de este paso, te invitamos a explorar nuestro <strong>nuevo sitio web<\/strong> donde podr\u00e1s descubrir m\u00e1s a fondo nuestro trabajo y los logros de las colaboraciones con nuestros clientes.  <\/p>\n\n\n\n<p>SSG est\u00e1 preparado para liderar la planificaci\u00f3n de la acci\u00f3n clim\u00e1tica a trav\u00e9s del continente americano. Esperamos que te unas a nosotros para que continuemos construyendo un futuro del que todos podamos estar orgullosos. <\/p>\n\n\n<div  class=\"ssg-spacer h-8 xl:h-16 \"><\/div>\n\n\n\n<h3 class=\"wp-block-heading\">\u00a1\u00danete a nosotros!<\/h3>\n\n\n\n<p>Estamos entusiasmados con lo que nos depara el futuro. Nuestra nueva marca y sitio web son s\u00f3lo el comienzo de lo que est\u00e1 por venir mientras continuamos liderando la acci\u00f3n clim\u00e1tica transformadora. Juntos, podemos construir un <strong>futuro respetuoso con el clima<\/strong>. \u00danete a nuestro equipo en este viaje.  <\/p>\n<\/div>\n\n\n\n<div class=\"wp-block-column is-layout-flow wp-block-column-is-layout-flow\" style=\"flex-basis:33.33%\"><\/div>\n<\/div>\n<\/div>\n<\/div>\n<\/section>\n<div  class=\"ssg-spacer h-16 xl:h-24 \"><\/div>\n<section  class=\"wp-block-group ssg-author is-layout-constrained \">\n\t\n\t<div>\n\t\t\n\t\t\t\t\t<h2 class=\"ssg-l-border mb-10 xl:mb-24\">\n\t\t\t\tSobre les autores\t\t\t<\/h2>\n\t\t\n\t\t\n\t\t\t\t<div class=\"xl:flex xl:justify-between xl:items-start mb-12 last:mb-0\">\n\t\t\t\t\t\n\t\t\t\t\t<figure class=\"mb-4 xl:mb-0 rounded-xl\">\n\t\t\t\t\t\t<img loading=\"lazy\" decoding=\"async\" width=\"300\" height=\"300\" src=\"https:\/\/ssg.coop\/wp-content\/uploads\/2024\/09\/Alia-01-300-x-300.jpeg\" class=\"attachment-medium size-medium wp-post-image\" alt=\"\" srcset=\"https:\/\/ssg.coop\/wp-content\/uploads\/2024\/09\/Alia-01-300-x-300.jpeg 300w, https:\/\/ssg.coop\/wp-content\/uploads\/2024\/09\/Alia-01-300-x-300-150x150.jpeg 150w, https:\/\/ssg.coop\/wp-content\/uploads\/2024\/09\/Alia-01-300-x-300-56x56.jpeg 56w\" sizes=\"auto, (max-width: 300px) 100vw, 300px\" \/>\t\t\t\t\t\t<figcaption class=\"mt-2 font-classic-bold\">\n\t\t\t\t\t\t\tAlia Dharssi (she\/her)\t\t\t\t\t\t<\/figcaption>\n\t\t\t\t\t<\/figure>\n\n\t\t\t\t\t<p class=\"xl:w-3\/5 xl:text-4xl xl:leading-5xl ssg-l-border\">\n\t\t\t\t\t\tAlia (she\/her) leads marketing and communications at SSG and consults on climate action projects for different levels of government across North America. She brings her zest for storytelling and problem solving to diverse projects, ranging from developing resources on climate action for policymakers to engaging communities on the development of climate actions.\t\t\t\t\t<\/p>\n\t\t\t\t<\/div>\n\n\t\t\t\t\t\n\t\t\t\t<div class=\"xl:flex xl:justify-between xl:items-start mb-12 last:mb-0\">\n\t\t\t\t\t\n\t\t\t\t\t<figure class=\"mb-4 xl:mb-0 rounded-xl\">\n\t\t\t\t\t\t<img loading=\"lazy\" decoding=\"async\" width=\"300\" height=\"300\" src=\"https:\/\/ssg.coop\/wp-content\/uploads\/2024\/10\/Naomi-01-300-x-300.png\" class=\"attachment-medium size-medium wp-post-image\" alt=\"\" srcset=\"https:\/\/ssg.coop\/wp-content\/uploads\/2024\/10\/Naomi-01-300-x-300.png 300w, https:\/\/ssg.coop\/wp-content\/uploads\/2024\/10\/Naomi-01-300-x-300-150x150.png 150w, https:\/\/ssg.coop\/wp-content\/uploads\/2024\/10\/Naomi-01-300-x-300-56x56.png 56w\" sizes=\"auto, (max-width: 300px) 100vw, 300px\" \/>\t\t\t\t\t\t<figcaption class=\"mt-2 font-classic-bold\">\n\t\t\t\t\t\t\tNaomi Devine (she\/her)\t\t\t\t\t\t<\/figcaption>\n\t\t\t\t\t<\/figure>\n\n\t\t\t\t\t<p class=\"xl:w-3\/5 xl:text-4xl xl:leading-5xl ssg-l-border\">\n\t\t\t\t\t\tNaomi (she\/her) leads design and engagement in climate action planning at SSG. Passionate about shaping bold, transformative strategies, Naomi works closely with communities and governments to implement policies that drive systemic change towards a climate-friendly future. With over 20 years of experience in sustainability and climate policy, Naomi has advised universities, local governments, and civil society organizations.\t\t\t\t\t<\/p>\n\t\t\t\t<\/div>\n\n\t\t\t\t\t\n\t\t\t\t<div class=\"xl:flex xl:justify-between xl:items-start mb-12 last:mb-0\">\n\t\t\t\t\t\n\t\t\t\t\t<figure class=\"mb-4 xl:mb-0 rounded-xl\">\n\t\t\t\t\t\t<img loading=\"lazy\" decoding=\"async\" width=\"300\" height=\"300\" src=\"https:\/\/ssg.coop\/wp-content\/uploads\/2024\/09\/Emi-01-300-x-300.jpeg\" class=\"attachment-medium size-medium wp-post-image\" alt=\"\" srcset=\"https:\/\/ssg.coop\/wp-content\/uploads\/2024\/09\/Emi-01-300-x-300.jpeg 300w, https:\/\/ssg.coop\/wp-content\/uploads\/2024\/09\/Emi-01-300-x-300-150x150.jpeg 150w, https:\/\/ssg.coop\/wp-content\/uploads\/2024\/09\/Emi-01-300-x-300-56x56.jpeg 56w\" sizes=\"auto, (max-width: 300px) 100vw, 300px\" \/>\t\t\t\t\t\t<figcaption class=\"mt-2 font-classic-bold\">\n\t\t\t\t\t\t\tEmi Do (she\/they)\t\t\t\t\t\t<\/figcaption>\n\t\t\t\t\t<\/figure>\n\n\t\t\t\t\t<p class=\"xl:w-3\/5 xl:text-4xl xl:leading-5xl ssg-l-border\">\n\t\t\t\t\t\tEmi (she\/they) champions SSG\u2019s groundbreaking climate action work by coordinating the monthly SSG Newswire, managing external communication channels, and shaping SSG\u2019s overall communications strategy.\t\t\t\t\t<\/p>\n\t\t\t\t<\/div>\n\n\t\t\t\t\t\n\t<\/div>\n\n<\/section>\n<div  class=\"ssg-spacer h-16 xl:h-24 \"><\/div>\n<section  class=\"wp-block-group ssg-related-cards is-layout-constrained \">\n\n\t\t\t<!-- wp:group {\"layout\":{\"type\":\"constrained\"}} -->\n\t\t<div class=\"wp-block-group\"><!-- wp:heading {\"className\":\"ssg-l-border\"} -->\n\t\t<h2 class=\"wp-block-heading ssg-l-border xl:mb-12\">\n\t\t\tPerspectivas relacionadas\t\t<\/h2>\n\t\t<!-- \/wp:heading --><\/div>\n\t\t<!-- \/wp:group -->\n\t\n\t\n\t\t\t<div class=\"grid md:grid-cols-2 xl:grid-cols-3 gap-4 xl:gap-8 min-h-0 animate-cards-onscroll animate-onscroll\">\n\t\n\t\t\n\t\t\t<div class=\"card ssg-randomize-hover ssg-related-resource-card ssg-post relative group bg-transparent hover:bg-ssg-random focus:bg-ssg-random hover:border-ssg-random focus:border-ssg-random \">\n\n\t\t\t\t\n<div class=\"flex flex-col justify-between h-full\">\n\n\t\t\t<p class=\"!mb-2\">\n\t\t\tPerspectivas\t\t<\/p>\n\t\n\t<h3 class=\"!mt-0 xl:!mb-36\">\n\t\t<a href=\"https:\/\/ssg.coop\/es\/preguntas-y-respuestas-andres-pica-tellez-y-la-ley-marco-de-cambio-climatico-en-chile\/\" class=\"ssg-never-underline\">\n\t\t\tPreguntas y respuestas : Andr\u00e9s Pica T\u00e9llez y la Ley Marco de Cambio Clim\u00e1tico en Chile\t\t<\/a>\n\t<\/h3>\n\n\t<div class=\"flex xl:flex-row xl:justify-between !items-end gap-4 xl:gap-12\">\n\t\t\n\t\t\n\t\t<a\n\tclass=\"ssg-link-arrow self-end text-right text-5xl ml-auto ssg-never-underline dark:text-background\"\n \thref=\"https:\/\/ssg.coop\/es\/preguntas-y-respuestas-andres-pica-tellez-y-la-ley-marco-de-cambio-climatico-en-chile\/\"\n\n \t>\n\t<span class=\"whitespace-nowrap\">-><\/span>\n<\/a>\n\t<\/div>\n<\/div>\n\t\t\t<\/div>\n\n\t\t\n\t\t\t<div class=\"card ssg-randomize-hover ssg-related-resource-card ssg-post relative group bg-transparent hover:bg-ssg-random focus:bg-ssg-random hover:border-ssg-random focus:border-ssg-random \">\n\n\t\t\t\t\n<div class=\"flex flex-col justify-between h-full\">\n\n\t\t\t<p class=\"!mb-2\">\n\t\t\tNews\t\t<\/p>\n\t\n\t<h3 class=\"!mt-0 xl:!mb-36\">\n\t\t<a href=\"https:\/\/ssg.coop\/es\/beyond-the-headlines-at-cop30\/\" class=\"ssg-never-underline\">\n\t\t\tM\u00e1s all\u00e1 de los titulares de la COP30\t\t<\/a>\n\t<\/h3>\n\n\t<div class=\"flex xl:flex-row xl:justify-between !items-end gap-4 xl:gap-12\">\n\t\t\n\t\t\n\t\t<a\n\tclass=\"ssg-link-arrow self-end text-right text-5xl ml-auto ssg-never-underline dark:text-background\"\n \thref=\"https:\/\/ssg.coop\/es\/beyond-the-headlines-at-cop30\/\"\n\n \t>\n\t<span class=\"whitespace-nowrap\">-><\/span>\n<\/a>\n\t<\/div>\n<\/div>\n\t\t\t<\/div>\n\n\t\t\n\t\t\t<div class=\"card ssg-randomize-hover ssg-related-resource-card ssg-post relative group bg-transparent hover:bg-ssg-random focus:bg-ssg-random hover:border-ssg-random focus:border-ssg-random \">\n\n\t\t\t\t\n<div class=\"flex flex-col justify-between h-full\">\n\n\t\t\t<p class=\"!mb-2\">\n\t\t\tWebinar\t\t<\/p>\n\t\n\t<h3 class=\"!mt-0 xl:!mb-36\">\n\t\t<a href=\"https:\/\/ssg.coop\/es\/planes-de-accion-climatica-comunal-en-los-rios-experiencias-y-financiamiento\/\" class=\"ssg-never-underline\">\n\t\t\tPlanes de Acci\u00f3n Clim\u00e1tica Comunal en Los R\u00edos: Experiencias y financiamiento\t\t<\/a>\n\t<\/h3>\n\n\t<div class=\"flex xl:flex-row xl:justify-between !items-end gap-4 xl:gap-12\">\n\t\t\n\t\t\n\t\t<a\n\tclass=\"ssg-link-arrow self-end text-right text-5xl ml-auto ssg-never-underline dark:text-background\"\n \thref=\"https:\/\/ssg.coop\/es\/planes-de-accion-climatica-comunal-en-los-rios-experiencias-y-financiamiento\/\"\n\n \t>\n\t<span class=\"whitespace-nowrap\">-><\/span>\n<\/a>\n\t<\/div>\n<\/div>\n\t\t\t<\/div>\n\n\t\t\n\t<\/div>\n<\/section>\n<div  class=\"ssg-spacer h-16 xl:h-48 \"><\/div>\n\n<div class=\"wp-block-group ssg-two-column-heading-text is-layout-constrained wp-block-group-is-layout-constrained\">\n<div class=\"wp-block-columns is-layout-flex wp-container-core-columns-is-layout-9d6595d7 wp-block-columns-is-layout-flex\">\n<div class=\"wp-block-column !mb-4 xl:!mb-0 pl-2 xl:pl-4 border-l-solid border-l-foreground border-l dark:border-l-background is-layout-flow wp-block-column-is-layout-flow\">\n<h2 class=\"wp-block-heading m-0\">Cont\u00e1ctanos<\/h2>\n<\/div>\n\n\n\n<div class=\"wp-block-column is-layout-constrained wp-block-column-is-layout-constrained\">\n<div class=\"wp-block-group pl-2 xl:pl-4 border-l-solid border-l-foreground border-l dark:border-l-background is-layout-flow wp-block-group-is-layout-flow\">\n<p class=\"has-ssg-4-xl-font-size\">\u00bfQuieres saber m\u00e1s sobre c\u00f3mo podemos ayudarte a concretizar tus aspiraciones clim\u00e1ticas? <\/p>\n<\/div>\n\n\n<div  class=\"ssg-spacer h-4 xl:h-8 \"><\/div>\n\n\n\n<div class=\"wp-block-buttons is-layout-flex wp-block-buttons-is-layout-flex\">\n<div class=\"wp-block-button\"><a class=\"wp-block-button__link wp-element-button\" href=\"#contact-form\" rel=\" nofollow\">Comun\u00edcate con nosotros<\/a><\/div>\n<\/div>\n<\/div>\n<\/div>\n<\/div>\n<div  class=\"ssg-spacer h-16 xl:h-24 \"><\/div>\n","protected":false},"excerpt":{"rendered":"<p>SSG tiene la misi\u00f3n de rehacer el mundo para que sea respetuoso con las generaciones futuras. Nuestra historia se propone asumir la responsabilidad que nos incumbe en cuanto al futuro que todos compartimos.  <\/p>\n","protected":false},"author":4,"featured_media":15963,"comment_status":"closed","ping_status":"closed","sticky":false,"template":"","format":"standard","meta":{"_acf_changed":false,"om_disable_all_campaigns":false,"inline_featured_image":false,"_monsterinsights_skip_tracking":false,"_monsterinsights_sitenote_active":false,"_monsterinsights_sitenote_note":"","_monsterinsights_sitenote_category":0,"footnotes":""},"categories":[221],"tags":[332],"ssg_locations":[323],"ssg_subject":[],"ssg_post_type":[337],"ssg_custom_post_type":[333],"class_list":["post-15958","post","type-post","status-publish","format-standard","has-post-thumbnail","hentry","category-sin-categorizar","tag-brand-es","ssg_locations-global-es","ssg_post_type-donotchoose","ssg_custom_post_type-perspectivas"],"acf":[],"aioseo_notices":[],"_links":{"self":[{"href":"https:\/\/ssg.coop\/es\/wp-json\/wp\/v2\/posts\/15958","targetHints":{"allow":["GET"]}}],"collection":[{"href":"https:\/\/ssg.coop\/es\/wp-json\/wp\/v2\/posts"}],"about":[{"href":"https:\/\/ssg.coop\/es\/wp-json\/wp\/v2\/types\/post"}],"author":[{"embeddable":true,"href":"https:\/\/ssg.coop\/es\/wp-json\/wp\/v2\/users\/4"}],"replies":[{"embeddable":true,"href":"https:\/\/ssg.coop\/es\/wp-json\/wp\/v2\/comments?post=15958"}],"version-history":[{"count":7,"href":"https:\/\/ssg.coop\/es\/wp-json\/wp\/v2\/posts\/15958\/revisions"}],"predecessor-version":[{"id":17110,"href":"https:\/\/ssg.coop\/es\/wp-json\/wp\/v2\/posts\/15958\/revisions\/17110"}],"wp:featuredmedia":[{"embeddable":true,"href":"https:\/\/ssg.coop\/es\/wp-json\/wp\/v2\/media\/15963"}],"wp:attachment":[{"href":"https:\/\/ssg.coop\/es\/wp-json\/wp\/v2\/media?parent=15958"}],"wp:term":[{"taxonomy":"category","embeddable":true,"href":"https:\/\/ssg.coop\/es\/wp-json\/wp\/v2\/categories?post=15958"},{"taxonomy":"post_tag","embeddable":true,"href":"https:\/\/ssg.coop\/es\/wp-json\/wp\/v2\/tags?post=15958"},{"taxonomy":"ssg_locations","embeddable":true,"href":"https:\/\/ssg.coop\/es\/wp-json\/wp\/v2\/ssg_locations?post=15958"},{"taxonomy":"ssg_subject","embeddable":true,"href":"https:\/\/ssg.coop\/es\/wp-json\/wp\/v2\/ssg_subject?post=15958"},{"taxonomy":"ssg_post_type","embeddable":true,"href":"https:\/\/ssg.coop\/es\/wp-json\/wp\/v2\/ssg_post_type?post=15958"},{"taxonomy":"ssg_custom_post_type","embeddable":true,"href":"https:\/\/ssg.coop\/es\/wp-json\/wp\/v2\/ssg_custom_post_type?post=15958"}],"curies":[{"name":"wp","href":"https:\/\/api.w.org\/{rel}","templated":true}]}}